{"id":7097,"date":"2026-04-22T17:21:56","date_gmt":"2026-04-22T15:21:56","guid":{"rendered":"https:\/\/consmadrid.esteri.it\/?p=7097"},"modified":"2026-04-22T17:21:56","modified_gmt":"2026-04-22T15:21:56","slug":"scuola-statale-italiana-di-madrid-avviso-di-selezione-di-personale-docente-a-tempo-indeterminato-con-contratto-locale-lengua-espanola-historia-y-geografia-de-espana-per-la","status":"publish","type":"post","link":"https:\/\/consmadrid.esteri.it\/it\/news\/dal_consolato\/2026\/04\/scuola-statale-italiana-di-madrid-avviso-di-selezione-di-personale-docente-a-tempo-indeterminato-con-contratto-locale-lengua-espanola-historia-y-geografia-de-espana-per-la\/","title":{"rendered":"SCUOLA STATALE ITALIANA DI MADRID \u2013 AVVISO DI SELEZIONE DI PERSONALE DOCENTE A TEMPO INDETERMINATO CON CONTRATTO LOCALE \u201cLENGUA ESPA\u00d1OLA, HISTORIA Y GEOGRAF\u00cdA DE ESPA\u00d1A\u201d PER LA SCUOLA SECONDARIA DI 2\u00ba GRADO"},"content":{"rendered":"<p><strong>AVVISO DI SELEZIONE DI PERSONALE DOCENTE A TEMPO INDETERMINATO CON CONTRATTO LOCALE \u201cLENGUA ESPA\u00d1OLA, HISTORIA Y GEOGRAF\u00cdA DE ESPA\u00d1A\u201d PER LA SCUOLA SECONDARIA DI 2\u00ba GRADO<\/strong><\/p>\n<p>La Scuola Statale Italiana di Madrid indice una selezione per la costituzione di una graduatoria a tempo indeterminato di validit\u00e0 quinquennale, per la classe di concorso di \u201cLENGUA ESPA\u00d1OLA, HISTORIA Y GEOGRAF\u00cdA DE ESPA\u00d1A\u201d, per l\u2019assunzione di docente a tempo indeterminato con contratto locale.<\/p>\n<p><a class=\"\" href=\"https:\/\/ambmadrid.esteri.it\/wp-content\/uploads\/2026\/04\/0-AVVISO_DOCENTE_TEMPO_INDETERMINATO_2026_SPA_LICEO.pdf\" data-focus-mouse=\"false\">Avviso<\/a><\/p>\n<p><a href=\"https:\/\/ambmadrid.esteri.it\/wp-content\/uploads\/2026\/04\/1-ALLEGATO_1_DOMANDA.pdf\">Domanda<\/a><\/p>\n<p><a href=\"https:\/\/ambmadrid.esteri.it\/wp-content\/uploads\/2026\/04\/2-ALLEGATO_2_mod_contratto_ITA_TI_TC_doc_2o-grado_2026_c.pdf\">Modello contratto<\/a><\/p>\n<p><a href=\"https:\/\/ambmadrid.esteri.it\/wp-content\/uploads\/2026\/04\/3-ALLEGATO_3_autodichiarazione_titoli_culturali.pdf\">Autodichiarazione titoli culturali<\/a><\/p>\n<p><a class=\"focus--mouse\" href=\"https:\/\/ambmadrid.esteri.it\/wp-content\/uploads\/2026\/04\/4-ALLEGATO_4_autodichiarazione_titoli_professionali.pdf\" data-focus-mouse=\"true\">Autodichiarazione titoli professionali<\/a><\/p>\n<p><a href=\"https:\/\/ambmadrid.esteri.it\/wp-content\/uploads\/2026\/04\/5-ALLEGATO_5_contenuti_disciplinari.pdf\">Contenuti disciplinari<\/a><\/p>\n","protected":false},"excerpt":{"rendered":"AVVISO DI SELEZIONE DI PERSONALE DOCENTE A TEMPO INDETERMINATO CON CONTRATTO LOCALE \u201cLENGUA ESPA\u00d1OLA, HISTORIA Y GEOGRAF\u00cdA DE ESPA\u00d1A\u201d PER LA SCUOLA SECONDARIA DI 2\u00ba GRADO La Scuola Statale Italiana di Madrid indice una selezione per la costituzione di una graduatoria a tempo indeterminato di validit\u00e0 quinquennale, per la classe di concorso di \u201cLENGUA ESPA\u00d1OLA, [&hellip;]","protected":false},"author":5,"featured_media":0,"comment_status":"closed","ping_status":"closed","sticky":false,"template":"","format":"standard","meta":{"footnotes":""},"tags":[],"class_list":["post-7097","post","type-post","status-publish","format-standard","hentry"],"_links":{"self":[{"href":"https:\/\/consmadrid.esteri.it\/it\/wp-json\/wp\/v2\/posts\/7097","targetHints":{"allow":["GET"]}}],"collection":[{"href":"https:\/\/consmadrid.esteri.it\/it\/wp-json\/wp\/v2\/posts"}],"about":[{"href":"https:\/\/consmadrid.esteri.it\/it\/wp-json\/wp\/v2\/types\/post"}],"author":[{"embeddable":true,"href":"https:\/\/consmadrid.esteri.it\/it\/wp-json\/wp\/v2\/users\/5"}],"replies":[{"embeddable":true,"href":"https:\/\/consmadrid.esteri.it\/it\/wp-json\/wp\/v2\/comments?post=7097"}],"version-history":[{"count":1,"href":"https:\/\/consmadrid.esteri.it\/it\/wp-json\/wp\/v2\/posts\/7097\/revisions"}],"predecessor-version":[{"id":7099,"href":"https:\/\/consmadrid.esteri.it\/it\/wp-json\/wp\/v2\/posts\/7097\/revisions\/7099"}],"wp:attachment":[{"href":"https:\/\/consmadrid.esteri.it\/it\/wp-json\/wp\/v2\/media?parent=7097"}],"wp:term":[{"taxonomy":"post_tag","embeddable":true,"href":"https:\/\/consmadrid.esteri.it\/it\/wp-json\/wp\/v2\/tags?post=7097"}],"curies":[{"name":"wp","href":"https:\/\/api.w.org\/{rel}","templated":true}]}}